{"id":3692,"date":"2019-02-04T14:40:15","date_gmt":"2019-02-04T13:40:15","guid":{"rendered":"https:\/\/mallorcapura.es\/?p=3692"},"modified":"2026-07-12T02:58:07","modified_gmt":"2026-07-12T00:58:07","slug":"die-beste-ensaimada-mallorcas","status":"publish","type":"post","link":"https:\/\/mallorcapura.es\/de\/die-beste-ensaimada-mallorcas\/","title":{"rendered":"Die besten Ensaimadas Mallorca\u00b4s"},"content":{"rendered":"<p><strong>E<\/strong> <strong>ine Reise nach Mallorca<\/strong> w\u00e4re nicht das gleiche, ohne die typisch kulinarischen <strong>Spezialit\u00e4ten<\/strong> zu probieren. Wer an authentische <strong>mallorquinische Spezialit\u00e4ten<\/strong> denkt, dem fallen vielleicht viele ein, doch die wichtigste und bekannteste ist sicherlich die \u201aEnsaimada\u2018.<\/p>\n<p>Die Qualit\u00e4t der \u201aEnsaimadas\u2018 kann jedoch ganz unterschiedlich sein: Es gibt ausgezeichnete, gute, akzeptable, weniger gute und schlicht nicht essbare\u2026<\/p>\n<p>Jeder m\u00f6chte nat\u00fcrlich wissen wo er eine wirklich gute probieren oder mit nach Hause nehmen kann. Aber: <span style=\"color: var(--color-primary)\">Wo bekomme ich die Beste?<\/span><\/p>\n<h3>Unsere Recherche<\/h3>\n<p>Ich bin auf die Suche gegangen, um unter den vielen <strong>B\u00e4cker &#038; Konditoren auf Mallorca<\/strong>, den Besten f\u00fcr Ensaimadas zu finden.<br \/>\nZun\u00e4chst habe ich unter 15 Einheimischen eine Umfrage durchgef\u00fchrt, aus der dann 3 traditionelle B\u00e4cker &#038; Konditoren hervorgegangen sind, deren <strong>Qualit\u00e4t besonders<\/strong> hervorgehoben wurde.<br \/>\nAber, um sich ganz sicher zu sein wer nun wirklich die beste \u201aEnsaimada\u2018 herstellt, habe ich mit 5 Freundinnen eine Verkostung organisiert. Und als wenn das nicht schon genug w\u00e4re, haben wir auch noch mit dem Marktverband der gesch\u00fctzten geografische Angabe (span. \u201aIGP\u2018 = Indicaci\u00f3n Geogr\u00e1fica Protegida) der \u201aEnsaimada de Mallorca\u2018 gesprochen.<\/p>\n<p>Mit all dieser Information k\u00f6nnen wir jetzt unser eindeutiges Urteil verk\u00fcnden wer die Beste Ensaimada auf Mallorca macht.<\/p>\n<p><strong>Seid Ihr neugierig?<\/strong><\/p>\n<div class=\"mp-cols\" style=\"--mp-cols: 6fr 6fr;\">\n<div class=\"mp-col\">\n<figure><img decoding=\"async\" src=\"https:\/\/mallorcapura.es\/wp-content\/uploads\/2018\/10\/invitacion-cata-sin-direccion.png\" alt=\"invitacion cata ensaimadas\" width=\"529\" height=\"529\" loading=\"lazy\"\/><\/figure>\n<\/div>\n<div class=\"mp-col\">\n<figure><img decoding=\"async\" src=\"https:\/\/mallorcapura.es\/wp-content\/uploads\/2018\/10\/image-2018-10-24-tama\u00f1o-igual-que-invitacion-cata-2.jpg\" alt=\"ensaimada de Mallorca\" width=\"528\" height=\"529\" loading=\"lazy\"\/><\/figure>\n<\/div>\n<\/div>\n<p>Der Marktverband\/ die Aufsichtsbeh\u00f6rde der gesch\u00fctzten geografische Angabe (g.g.A.) \u201a<strong>Ensaimada de Mallorca<\/strong>\u201a k\u00fcmmert sich um die Qualit\u00e4tssicherung dieser kulinarischen Spezialit\u00e4t und \u00fcberpr\u00fcft daher, ob ausschlie\u00dflich regionale Zutaten verwendet werden und der Herstellungsprozess der vorgeschriebenen handwerklichen Tradition entspricht. <strong>\u201aEnsaimadas\u2018<\/strong> die alle Anforderungen erf\u00fcllen, sind berechtigt auf der Verpackung ein registriertes Garantiesiegel zu tragen. Dies hilft dem Verbraucher \u201aEnsaimadas\u2018 mit gepr\u00fcfter Qualit\u00e4t, sofort zu erkennen.<br \/>\nEs ist interessant zu wissen dass nur \u201areine\u2018 Ensaimadas d.h. ohne F\u00fcllung oder welche die mit \u201aCabello de Angel\u2018 (karamellisierte K\u00fcrbisfasern) gef\u00fcllt sind, dass Siegel der gesch\u00fctzten geographischen Angabe (g.g.A.), tragen d\u00fcrfen.<br \/>\nDies sind die Sorten die traditionell seit dem 17. Jahrhundert hergestellt werden.<\/p>\n<p style=\"text-align: center\"><strong>Gesch\u00fctzte geografische Angabe (g.g.A.) der Ensaimada aus Mallorca<\/strong><\/p>\n<figure><img decoding=\"async\" src=\"https:\/\/mallorcapura.es\/wp-content\/uploads\/2018\/10\/logo_ensaimada_tcm30-2100621.jpg\" alt=\"igp ensaimada de mallorca\" width=\"125\" height=\"119\" loading=\"lazy\"\/><\/figure>\n<h4 style=\"text-align: center\">Wie werden Ensaimadas hergestellt und mit welchen Zutaten?<\/h4>\n<p>Die \u201aEnsaimada de Mallorca\u2018 ist eine S\u00fc\u00dfspeise aus Weizenst\u00e4rkemehl, Wasser oder Milch, Zucker, Eiern und Schweineschmalz. Es entsteht ein gezuckerter Sauerteig, der fermentiert, gebacken und dann mit Puderzucker best\u00e4ubt wird.<br \/>\nDie Form ist stets spiralf\u00f6rmig mit mindestens zwei vollen Umdrehungen, immer im Uhrzeigersinn. Das Gewicht reicht von 60 Gramm f\u00fcr kleine Einzelne bis zu extra Grossen die max. 2000 Gramm wiegen d\u00fcrfen<br \/>\nDie Fermentation ist lang, dauert daher mindestens 12 Stunden. Beim Einrollen des Teigs entstehen im inneren mehrere Schichten was einem charakteristischen Bl\u00e4tterteig gleicht.<\/p>\n<p>Die <strong>meist gew\u00e4hlten 3 B\u00e4ckereien<\/strong>, die das kritische Urteil unserer einheimischen Experten f\u00fcr \u201aEnsaimadas\u2018 \u00fcberstanden haben, sind:<\/p>\n<ol>\n<li><strong>Forn Santo Cristo<\/strong>,\u00a0<a href=\"http:\/\/hornosantocristo.com\/\">http:\/\/hornosantocristo.com\/<\/a> situado en Palma de Mallorca y S\u00f3ller<\/li>\n<li><strong>Forn des Pont<\/strong>, <a href=\"http:\/\/www.forndespont.com\/tienda\/index.php\/\">http:\/\/www.forndespont.com\/tienda\/index.php\/<\/a>, situado en Palma de Mallorca<\/li>\n<li><strong>Forn pes de sa Palla<\/strong> (Amadip Esment),\u00a0<a href=\"http:\/\/www.fornpesdesapalla.es\/\">http:\/\/www.fornpesdesapalla.es\/<\/a>, situado en Palma de Mallorca y Palmanova<\/li>\n<\/ol>\n<figure><img decoding=\"async\" src=\"https:\/\/mallorcapura.es\/wp-content\/uploads\/2018\/10\/20181004_152155_resized-1024x633.jpg\" alt=\"pared amadip palmanova\" width=\"1024\" height=\"633\" loading=\"lazy\"\/><\/figure>\n<h4>Weitere empfehlenswerte mallorquinische B\u00e4cker f\u00fcr Einsaimadas:<\/h4>\n<p>Weitere B\u00e4cker, die in der Umfrage ebenfalls gelobt wurden aber nicht f\u00fcr die Verkostung aufgenommenen wurden, sind: \u201aForn d\u2019Es Casino\u2018 Banyalbufar (Tramuntana), \u201aForn Can Pomar\u2018 (Campos), \u201aForn Sant Francesc\u2018 (Inca) \u2013 wurde 2017, beim <span style=\"color: var(--color-primary)\">offiziellen Wettbewerb, als beste Ensaimada der Welt ausgezeichnet!<\/span> Gefolgt vom j\u00fcngsten Gewinner des Wettbewerbs in diesem Jahr 2018: \u201aForn Gelabert\u2018 (Llub\u00ed). Hier bekommt Ihr die Liste der <span style=\"color: var(--color-primary)\">28 Teilnehmer von denen 10 Finalisten ausgew\u00e4hlt<\/span> wurden \u2013 unter diesen 10 wurde dann wiederum der Gewinner ausgew\u00e4hlt:\u00a0\u00a0<a href=\"https:\/\/www.pasteleria.com\/noticia\/201803\/2908-la-pasteleria-gelabert-elabora-la-mejor-ensaimada-del-mundo-2018\">Finalisten <\/a><\/p>\n<h3>Unsere Verkostung<\/h3>\n<p>Konzentrieren wir uns jetzt auf die Blindverkostung.<br \/>\nF\u00fcr die Verkostung haben wir, f\u00fcr einige Mitglieder unseres <strong>Friends Club Mallorcapura<\/strong>, ein besonderes Fr\u00fchst\u00fcck mit den drei Ensaimadas, die als Finalisten bei unserer Umfrage ausgew\u00e4hlt wurden, vorbereitet. Dazu servieren wir noch etwas Kaffee und Cava. Jetzt m\u00fcssen unsere G\u00e4ste, nat\u00fcrlich ohne zu wissen von welchem B\u00e4cker jeweils unsere \u201aEnsaimadas\u2018 stammen, die Beste ausw\u00e4hlen.<\/p>\n<figure><img decoding=\"async\" src=\"https:\/\/mallorcapura.es\/wp-content\/uploads\/2018\/10\/1289300974_20181005_110842-01_3310600_resized-min-120kb-1024x768.jpeg\" alt=\"cata ensaimadas\" width=\"1024\" height=\"768\" loading=\"lazy\"\/><\/figure>\n<p>Unsere 3 \u201aEnsaimadas\u2018 haben folgende Geschmacksrichtungen: <span style=\"color: var(--color-primary)\">Ohne F\u00fcllung, mit Schokoladencreme-F\u00fcllung und eine mit Aprikosenst\u00fccken belegt.<\/span><\/p>\n<p>Nach unserem Fr\u00fchst\u00fcck sagt mir jeder Gast welche \u201aEnsaimada\u2018 sein Favorit ist und warum.<br \/>\nMaria mag sie ohne F\u00fcllung, denn der Teig ist frisch, fluffig und garnicht trocken (was bei \u201aEnsaimadas\u2018 ohne F\u00fcllung sehr leicht passieren kann). Lara w\u00e4hlt klar die mit Schokoladencreme-F\u00fcllung, ebenso Lorena. Die anderen G\u00e4ste bem\u00e4ngeln jedoch zu viel Schokoladenf\u00fcllung\u2026<br \/>\nSilvia und ich haben uns f\u00fcr, die mit Aprikosen belegte, entschieden. Obwohl wir die \u201aEnsaimada\u2018 ohne F\u00fcllung auch sehr gut finden.<\/p>\n<p>Obwohl keiner unserer G\u00e4ste ein Experte f\u00fcr \u201aEnsaimadas\u2018 ist, haben alle schon unz\u00e4hlige probiert. Nat\u00fcrlich ist dies jedoch \u2019nur\u2018 eine Verkostung von Freunden, die ihre Meinung sagen. Sicher ist auch zu ber\u00fccksichtigen dass wir 3 verschiedene Sorten mit unterschiedlichen F\u00fcllungen vergleichen und daher auch individuelle Vorz\u00fcge eine Rolle spielen.<\/p>\n<h4>Dennoch konnten wir uns auf eine Rangfolge und einen Gewinner einigen:<\/h4>\n<p>1. \u201aEnsaimada\u2018 mit Aprikosen belegt<br \/>\n2. Klassische \u201aEnsaimada\u2018 ohne F\u00fcllung<br \/>\n3. \u201aEnsaimada\u2018 mit Schokoladencreme-F\u00fcllung<\/p>\n<h3>Aber, von welchem B\u00e4cker kommt jede Ensaimada?:<\/h3>\n<p>1.<strong> \u201aHorno de Santo Cristo\u2018<\/strong> \u2013 Aprikosenensaimada<br \/>\n2. \u201a<strong>Horn de Pes Sa Palla<\/strong> (Amadip)\u2018 \u2013 klassische Ensaimada ohne F\u00fcllung<br \/>\n3. \u201a<strong>Horno des Pont<\/strong>\u201a \u2013 Schokoladenensaimada<\/p>\n<p>Wir hatten viel Spass bei diesem sehr besonderen Fr\u00fchst\u00fcck! Ich hoffe, es hilft Euch bei der Wahl der perfekten \u201aEnsaimada\u2018.<\/p>\n<h3>Genie\u00dft es!<\/h3>\n<p>Wenn Euch der Artikel gefallen hat, dann vergesst bitte nicht ihn mit Euren Freunden zu teilen,<br \/>\noder einen Kommentar zu schreiben. Vielen Dank!<\/p>\n","protected":false},"excerpt":{"rendered":"<p>Was ist die beste &#8218;Ensaimada&#8216; (Teigschnecke) Mallorcas? Das wollten wir alle schon irgendwann einmal wissen! Hier werdet Ihr es erfahren&#8230;.!<\/p>\n","protected":false},"author":1,"featured_media":1964,"comment_status":"open","ping_status":"open","sticky":false,"template":"","format":"standard","meta":{"_acf_changed":false,"footnotes":""},"categories":[1053],"tags":[613,612,10,614],"class_list":["post-3692","post","type-post","status-publish","format-standard","has-post-thumbnail","hentry","category-lifestyle-de","tag-gastronomie-mallorca","tag-majorca","tag-mallorca","tag-mallorcas-gastronomie"],"acf":[],"yoast_head":"<!-- This site is optimized with the Yoast SEO plugin v28.3 - https:\/\/yoast.com\/product\/yoast-seo-wordpress\/ -->\n<title>Die besten Ensaimadas Mallorca\u00b4s - Mallorcapura<\/title>\n<meta name=\"description\" content=\"Was ist die beste &#039;Ensaimada&#039; (Teigschnecke) Mallorcas? Das wollten wir alle schon irgendwann einmal wissen! Hier werdet Ihr es erfahren....!\" \/>\n<meta name=\"robots\" content=\"index, follow, max-snippet:-1, max-image-preview:large, max-video-preview:-1\" \/>\n<link rel=\"canonical\" href=\"https:\/\/mallorcapura.es\/de\/die-beste-ensaimada-mallorcas\/\" \/>\n<meta property=\"og:locale\" content=\"de_DE\" \/>\n<meta property=\"og:type\" content=\"article\" \/>\n<meta property=\"og:title\" content=\"Die besten Ensaimadas Mallorca\u00b4s - Mallorcapura\" \/>\n<meta property=\"og:description\" content=\"Was ist die beste &#039;Ensaimada&#039; (Teigschnecke) Mallorcas? Das wollten wir alle schon irgendwann einmal wissen! Hier werdet Ihr es erfahren....!\" \/>\n<meta property=\"og:url\" content=\"https:\/\/mallorcapura.es\/de\/die-beste-ensaimada-mallorcas\/\" \/>\n<meta property=\"og:site_name\" content=\"Mallorcapura\" \/>\n<meta property=\"article:publisher\" content=\"https:\/\/www.facebook.com\/mallorcapura\/\" \/>\n<meta property=\"article:published_time\" content=\"2019-02-04T13:40:15+00:00\" \/>\n<meta property=\"article:modified_time\" content=\"2026-07-12T00:58:07+00:00\" \/>\n<meta property=\"og:image\" content=\"https:\/\/mallorcapura.es\/wp-content\/uploads\/2018\/10\/image-2018-10-24-recortada-95kb.jpg\" \/>\n\t<meta property=\"og:image:width\" content=\"850\" \/>\n\t<meta property=\"og:image:height\" content=\"638\" \/>\n\t<meta property=\"og:image:type\" content=\"image\/jpeg\" \/>\n<meta name=\"author\" content=\"pura\" \/>\n<meta name=\"twitter:card\" content=\"summary_large_image\" \/>\n<meta name=\"twitter:label1\" content=\"Verfasst von\" \/>\n\t<meta name=\"twitter:data1\" content=\"pura\" \/>\n\t<meta name=\"twitter:label2\" content=\"Gesch\u00e4tzte Lesezeit\" \/>\n\t<meta name=\"twitter:data2\" content=\"5\u00a0Minuten\" \/>\n<script type=\"application\/ld+json\" class=\"yoast-schema-graph\">{\"@context\":\"https:\\\/\\\/schema.org\",\"@graph\":[{\"@type\":\"Article\",\"@id\":\"https:\\\/\\\/mallorcapura.es\\\/de\\\/die-beste-ensaimada-mallorcas\\\/#article\",\"isPartOf\":{\"@id\":\"https:\\\/\\\/mallorcapura.es\\\/de\\\/die-beste-ensaimada-mallorcas\\\/\"},\"author\":{\"name\":\"pura\",\"@id\":\"https:\\\/\\\/mallorcapura.es\\\/#\\\/schema\\\/person\\\/fc6508cda37961629c0352ecdf025e2a\"},\"headline\":\"Die besten Ensaimadas Mallorca\u00b4s\",\"datePublished\":\"2019-02-04T13:40:15+00:00\",\"dateModified\":\"2026-07-12T00:58:07+00:00\",\"mainEntityOfPage\":{\"@id\":\"https:\\\/\\\/mallorcapura.es\\\/de\\\/die-beste-ensaimada-mallorcas\\\/\"},\"wordCount\":932,\"commentCount\":0,\"publisher\":{\"@id\":\"https:\\\/\\\/mallorcapura.es\\\/#organization\"},\"image\":{\"@id\":\"https:\\\/\\\/mallorcapura.es\\\/de\\\/die-beste-ensaimada-mallorcas\\\/#primaryimage\"},\"thumbnailUrl\":\"https:\\\/\\\/mallorcapura.es\\\/wp-content\\\/uploads\\\/2018\\\/10\\\/image-2018-10-24-recortada-95kb.jpg\",\"keywords\":[\"Gastronomie Mallorca\",\"Majorca\",\"mallorca\",\"Mallorcas gastronomie\"],\"articleSection\":[\"Lifestyle\"],\"inLanguage\":\"de\"},{\"@type\":\"WebPage\",\"@id\":\"https:\\\/\\\/mallorcapura.es\\\/de\\\/die-beste-ensaimada-mallorcas\\\/\",\"url\":\"https:\\\/\\\/mallorcapura.es\\\/de\\\/die-beste-ensaimada-mallorcas\\\/\",\"name\":\"Die besten Ensaimadas Mallorca\u00b4s - Mallorcapura\",\"isPartOf\":{\"@id\":\"https:\\\/\\\/mallorcapura.es\\\/#website\"},\"primaryImageOfPage\":{\"@id\":\"https:\\\/\\\/mallorcapura.es\\\/de\\\/die-beste-ensaimada-mallorcas\\\/#primaryimage\"},\"image\":{\"@id\":\"https:\\\/\\\/mallorcapura.es\\\/de\\\/die-beste-ensaimada-mallorcas\\\/#primaryimage\"},\"thumbnailUrl\":\"https:\\\/\\\/mallorcapura.es\\\/wp-content\\\/uploads\\\/2018\\\/10\\\/image-2018-10-24-recortada-95kb.jpg\",\"datePublished\":\"2019-02-04T13:40:15+00:00\",\"dateModified\":\"2026-07-12T00:58:07+00:00\",\"description\":\"Was ist die beste 'Ensaimada' (Teigschnecke) Mallorcas? Das wollten wir alle schon irgendwann einmal wissen! Hier werdet Ihr es erfahren....!\",\"breadcrumb\":{\"@id\":\"https:\\\/\\\/mallorcapura.es\\\/de\\\/die-beste-ensaimada-mallorcas\\\/#breadcrumb\"},\"inLanguage\":\"de\",\"potentialAction\":[{\"@type\":\"ReadAction\",\"target\":[\"https:\\\/\\\/mallorcapura.es\\\/de\\\/die-beste-ensaimada-mallorcas\\\/\"]}]},{\"@type\":\"ImageObject\",\"inLanguage\":\"de\",\"@id\":\"https:\\\/\\\/mallorcapura.es\\\/de\\\/die-beste-ensaimada-mallorcas\\\/#primaryimage\",\"url\":\"https:\\\/\\\/mallorcapura.es\\\/wp-content\\\/uploads\\\/2018\\\/10\\\/image-2018-10-24-recortada-95kb.jpg\",\"contentUrl\":\"https:\\\/\\\/mallorcapura.es\\\/wp-content\\\/uploads\\\/2018\\\/10\\\/image-2018-10-24-recortada-95kb.jpg\",\"width\":850,\"height\":638,\"caption\":\"mesa cata de ensaimadas\"},{\"@type\":\"BreadcrumbList\",\"@id\":\"https:\\\/\\\/mallorcapura.es\\\/de\\\/die-beste-ensaimada-mallorcas\\\/#breadcrumb\",\"itemListElement\":[{\"@type\":\"ListItem\",\"position\":1,\"name\":\"Portada\",\"item\":\"https:\\\/\\\/mallorcapura.es\\\/de\\\/\"},{\"@type\":\"ListItem\",\"position\":2,\"name\":\"Die besten Ensaimadas Mallorca\u00b4s\"}]},{\"@type\":\"WebSite\",\"@id\":\"https:\\\/\\\/mallorcapura.es\\\/#website\",\"url\":\"https:\\\/\\\/mallorcapura.es\\\/\",\"name\":\"Mallorcapura\",\"description\":\"Estudio de interiorismo y reformas en Mallorca\",\"publisher\":{\"@id\":\"https:\\\/\\\/mallorcapura.es\\\/#organization\"},\"potentialAction\":[{\"@type\":\"SearchAction\",\"target\":{\"@type\":\"EntryPoint\",\"urlTemplate\":\"https:\\\/\\\/mallorcapura.es\\\/?s={search_term_string}\"},\"query-input\":{\"@type\":\"PropertyValueSpecification\",\"valueRequired\":true,\"valueName\":\"search_term_string\"}}],\"inLanguage\":\"de\"},{\"@type\":[\"Organization\",\"LocalBusiness\",\"HomeAndConstructionBusiness\"],\"@id\":\"https:\\\/\\\/mallorcapura.es\\\/#organization\",\"name\":\"Mallorcapura\",\"url\":\"https:\\\/\\\/mallorcapura.es\\\/\",\"logo\":{\"@type\":\"ImageObject\",\"inLanguage\":\"de\",\"@id\":\"https:\\\/\\\/mallorcapura.es\\\/#\\\/schema\\\/logo\\\/image\\\/\",\"url\":\"https:\\\/\\\/mallorcapura.es\\\/wp-content\\\/uploads\\\/2026\\\/06\\\/cropped-Mesa-de-trabajo-1-copiaLOGO-MALLORCAPURA-1.png\",\"contentUrl\":\"https:\\\/\\\/mallorcapura.es\\\/wp-content\\\/uploads\\\/2026\\\/06\\\/cropped-Mesa-de-trabajo-1-copiaLOGO-MALLORCAPURA-1.png\",\"width\":1135,\"height\":249,\"caption\":\"Mallorcapura\"},\"image\":{\"@id\":\"https:\\\/\\\/mallorcapura.es\\\/#\\\/schema\\\/logo\\\/image\\\/\"},\"sameAs\":[\"https:\\\/\\\/www.facebook.com\\\/mallorcapura\\\/\",\"https:\\\/\\\/www.instagram.com\\\/mallorcapura\\\/\",\"https:\\\/\\\/www.pinterest.com\\\/mallorcapura\\\/\"],\"description\":\"Mediterranes Studio f\u00fcr Innenarchitektur, Umbau und pers\u00f6nliche Begleitung auf Mallorca.\",\"email\":\"info.mallorcapura@gmail.com\",\"telephone\":\"+34 699 428 712\",\"address\":{\"@type\":\"PostalAddress\",\"streetAddress\":\"Avinguda del Golf, 41 - F1B\",\"postalCode\":\"07180\",\"addressLocality\":\"Santa Pon\u00e7a\",\"addressRegion\":\"Illes Balears\",\"addressCountry\":\"ES\"},\"areaServed\":\"Mallorca\",\"knowsLanguage\":[\"es\",\"de\"]},{\"@type\":\"Person\",\"@id\":\"https:\\\/\\\/mallorcapura.es\\\/#\\\/schema\\\/person\\\/fc6508cda37961629c0352ecdf025e2a\",\"name\":\"pura\",\"image\":{\"@type\":\"ImageObject\",\"inLanguage\":\"de\",\"@id\":\"https:\\\/\\\/secure.gravatar.com\\\/avatar\\\/c3b8a993cc51d2f7d2cf9d30f42a7ee94abe0aa307e04c830945d979d430ef7e?s=96&d=identicon&r=g\",\"url\":\"https:\\\/\\\/secure.gravatar.com\\\/avatar\\\/c3b8a993cc51d2f7d2cf9d30f42a7ee94abe0aa307e04c830945d979d430ef7e?s=96&d=identicon&r=g\",\"contentUrl\":\"https:\\\/\\\/secure.gravatar.com\\\/avatar\\\/c3b8a993cc51d2f7d2cf9d30f42a7ee94abe0aa307e04c830945d979d430ef7e?s=96&d=identicon&r=g\",\"caption\":\"pura\"}}]}<\/script>\n<!-- \/ Yoast SEO plugin. -->","yoast_head_json":{"title":"Die besten Ensaimadas Mallorca\u00b4s - Mallorcapura","description":"Was ist die beste 'Ensaimada' (Teigschnecke) Mallorcas? Das wollten wir alle schon irgendwann einmal wissen! Hier werdet Ihr es erfahren....!","robots":{"index":"index","follow":"follow","max-snippet":"max-snippet:-1","max-image-preview":"max-image-preview:large","max-video-preview":"max-video-preview:-1"},"canonical":"https:\/\/mallorcapura.es\/de\/die-beste-ensaimada-mallorcas\/","og_locale":"de_DE","og_type":"article","og_title":"Die besten Ensaimadas Mallorca\u00b4s - Mallorcapura","og_description":"Was ist die beste 'Ensaimada' (Teigschnecke) Mallorcas? Das wollten wir alle schon irgendwann einmal wissen! Hier werdet Ihr es erfahren....!","og_url":"https:\/\/mallorcapura.es\/de\/die-beste-ensaimada-mallorcas\/","og_site_name":"Mallorcapura","article_publisher":"https:\/\/www.facebook.com\/mallorcapura\/","article_published_time":"2019-02-04T13:40:15+00:00","article_modified_time":"2026-07-12T00:58:07+00:00","og_image":[{"width":850,"height":638,"url":"https:\/\/mallorcapura.es\/wp-content\/uploads\/2018\/10\/image-2018-10-24-recortada-95kb.jpg","type":"image\/jpeg"}],"author":"pura","twitter_card":"summary_large_image","twitter_misc":{"Verfasst von":"pura","Gesch\u00e4tzte Lesezeit":"5\u00a0Minuten"},"schema":{"@context":"https:\/\/schema.org","@graph":[{"@type":"Article","@id":"https:\/\/mallorcapura.es\/de\/die-beste-ensaimada-mallorcas\/#article","isPartOf":{"@id":"https:\/\/mallorcapura.es\/de\/die-beste-ensaimada-mallorcas\/"},"author":{"name":"pura","@id":"https:\/\/mallorcapura.es\/#\/schema\/person\/fc6508cda37961629c0352ecdf025e2a"},"headline":"Die besten Ensaimadas Mallorca\u00b4s","datePublished":"2019-02-04T13:40:15+00:00","dateModified":"2026-07-12T00:58:07+00:00","mainEntityOfPage":{"@id":"https:\/\/mallorcapura.es\/de\/die-beste-ensaimada-mallorcas\/"},"wordCount":932,"commentCount":0,"publisher":{"@id":"https:\/\/mallorcapura.es\/#organization"},"image":{"@id":"https:\/\/mallorcapura.es\/de\/die-beste-ensaimada-mallorcas\/#primaryimage"},"thumbnailUrl":"https:\/\/mallorcapura.es\/wp-content\/uploads\/2018\/10\/image-2018-10-24-recortada-95kb.jpg","keywords":["Gastronomie Mallorca","Majorca","mallorca","Mallorcas gastronomie"],"articleSection":["Lifestyle"],"inLanguage":"de"},{"@type":"WebPage","@id":"https:\/\/mallorcapura.es\/de\/die-beste-ensaimada-mallorcas\/","url":"https:\/\/mallorcapura.es\/de\/die-beste-ensaimada-mallorcas\/","name":"Die besten Ensaimadas Mallorca\u00b4s - Mallorcapura","isPartOf":{"@id":"https:\/\/mallorcapura.es\/#website"},"primaryImageOfPage":{"@id":"https:\/\/mallorcapura.es\/de\/die-beste-ensaimada-mallorcas\/#primaryimage"},"image":{"@id":"https:\/\/mallorcapura.es\/de\/die-beste-ensaimada-mallorcas\/#primaryimage"},"thumbnailUrl":"https:\/\/mallorcapura.es\/wp-content\/uploads\/2018\/10\/image-2018-10-24-recortada-95kb.jpg","datePublished":"2019-02-04T13:40:15+00:00","dateModified":"2026-07-12T00:58:07+00:00","description":"Was ist die beste 'Ensaimada' (Teigschnecke) Mallorcas? Das wollten wir alle schon irgendwann einmal wissen! Hier werdet Ihr es erfahren....!","breadcrumb":{"@id":"https:\/\/mallorcapura.es\/de\/die-beste-ensaimada-mallorcas\/#breadcrumb"},"inLanguage":"de","potentialAction":[{"@type":"ReadAction","target":["https:\/\/mallorcapura.es\/de\/die-beste-ensaimada-mallorcas\/"]}]},{"@type":"ImageObject","inLanguage":"de","@id":"https:\/\/mallorcapura.es\/de\/die-beste-ensaimada-mallorcas\/#primaryimage","url":"https:\/\/mallorcapura.es\/wp-content\/uploads\/2018\/10\/image-2018-10-24-recortada-95kb.jpg","contentUrl":"https:\/\/mallorcapura.es\/wp-content\/uploads\/2018\/10\/image-2018-10-24-recortada-95kb.jpg","width":850,"height":638,"caption":"mesa cata de ensaimadas"},{"@type":"BreadcrumbList","@id":"https:\/\/mallorcapura.es\/de\/die-beste-ensaimada-mallorcas\/#breadcrumb","itemListElement":[{"@type":"ListItem","position":1,"name":"Portada","item":"https:\/\/mallorcapura.es\/de\/"},{"@type":"ListItem","position":2,"name":"Die besten Ensaimadas Mallorca\u00b4s"}]},{"@type":"WebSite","@id":"https:\/\/mallorcapura.es\/#website","url":"https:\/\/mallorcapura.es\/","name":"Mallorcapura","description":"Estudio de interiorismo y reformas en Mallorca","publisher":{"@id":"https:\/\/mallorcapura.es\/#organization"},"potentialAction":[{"@type":"SearchAction","target":{"@type":"EntryPoint","urlTemplate":"https:\/\/mallorcapura.es\/?s={search_term_string}"},"query-input":{"@type":"PropertyValueSpecification","valueRequired":true,"valueName":"search_term_string"}}],"inLanguage":"de"},{"@type":["Organization","LocalBusiness","HomeAndConstructionBusiness"],"@id":"https:\/\/mallorcapura.es\/#organization","name":"Mallorcapura","url":"https:\/\/mallorcapura.es\/","logo":{"@type":"ImageObject","inLanguage":"de","@id":"https:\/\/mallorcapura.es\/#\/schema\/logo\/image\/","url":"https:\/\/mallorcapura.es\/wp-content\/uploads\/2026\/06\/cropped-Mesa-de-trabajo-1-copiaLOGO-MALLORCAPURA-1.png","contentUrl":"https:\/\/mallorcapura.es\/wp-content\/uploads\/2026\/06\/cropped-Mesa-de-trabajo-1-copiaLOGO-MALLORCAPURA-1.png","width":1135,"height":249,"caption":"Mallorcapura"},"image":{"@id":"https:\/\/mallorcapura.es\/#\/schema\/logo\/image\/"},"sameAs":["https:\/\/www.facebook.com\/mallorcapura\/","https:\/\/www.instagram.com\/mallorcapura\/","https:\/\/www.pinterest.com\/mallorcapura\/"],"description":"Mediterranes Studio f\u00fcr Innenarchitektur, Umbau und pers\u00f6nliche Begleitung auf Mallorca.","email":"info.mallorcapura@gmail.com","telephone":"+34 699 428 712","address":{"@type":"PostalAddress","streetAddress":"Avinguda del Golf, 41 - F1B","postalCode":"07180","addressLocality":"Santa Pon\u00e7a","addressRegion":"Illes Balears","addressCountry":"ES"},"areaServed":"Mallorca","knowsLanguage":["es","de"]},{"@type":"Person","@id":"https:\/\/mallorcapura.es\/#\/schema\/person\/fc6508cda37961629c0352ecdf025e2a","name":"pura","image":{"@type":"ImageObject","inLanguage":"de","@id":"https:\/\/secure.gravatar.com\/avatar\/c3b8a993cc51d2f7d2cf9d30f42a7ee94abe0aa307e04c830945d979d430ef7e?s=96&d=identicon&r=g","url":"https:\/\/secure.gravatar.com\/avatar\/c3b8a993cc51d2f7d2cf9d30f42a7ee94abe0aa307e04c830945d979d430ef7e?s=96&d=identicon&r=g","contentUrl":"https:\/\/secure.gravatar.com\/avatar\/c3b8a993cc51d2f7d2cf9d30f42a7ee94abe0aa307e04c830945d979d430ef7e?s=96&d=identicon&r=g","caption":"pura"}}]}},"_links":{"self":[{"href":"https:\/\/mallorcapura.es\/de\/wp-json\/wp\/v2\/posts\/3692","targetHints":{"allow":["GET"]}}],"collection":[{"href":"https:\/\/mallorcapura.es\/de\/wp-json\/wp\/v2\/posts"}],"about":[{"href":"https:\/\/mallorcapura.es\/de\/wp-json\/wp\/v2\/types\/post"}],"author":[{"embeddable":true,"href":"https:\/\/mallorcapura.es\/de\/wp-json\/wp\/v2\/users\/1"}],"replies":[{"embeddable":true,"href":"https:\/\/mallorcapura.es\/de\/wp-json\/wp\/v2\/comments?post=3692"}],"version-history":[{"count":2,"href":"https:\/\/mallorcapura.es\/de\/wp-json\/wp\/v2\/posts\/3692\/revisions"}],"predecessor-version":[{"id":8589,"href":"https:\/\/mallorcapura.es\/de\/wp-json\/wp\/v2\/posts\/3692\/revisions\/8589"}],"wp:featuredmedia":[{"embeddable":true,"href":"https:\/\/mallorcapura.es\/de\/wp-json\/wp\/v2\/media\/1964"}],"wp:attachment":[{"href":"https:\/\/mallorcapura.es\/de\/wp-json\/wp\/v2\/media?parent=3692"}],"wp:term":[{"taxonomy":"category","embeddable":true,"href":"https:\/\/mallorcapura.es\/de\/wp-json\/wp\/v2\/categories?post=3692"},{"taxonomy":"post_tag","embeddable":true,"href":"https:\/\/mallorcapura.es\/de\/wp-json\/wp\/v2\/tags?post=3692"}],"curies":[{"name":"wp","href":"https:\/\/api.w.org\/{rel}","templated":true}]}}